{"id":323,"date":"2025-08-14T13:33:34","date_gmt":"2025-08-14T11:33:34","guid":{"rendered":"https:\/\/fact.gouv.tg\/?p=323"},"modified":"2026-02-23T10:19:37","modified_gmt":"2026-02-23T09:19:37","slug":"lancement-du-programme-dappui-au-financement-des-communes-pafc","status":"publish","type":"post","link":"https:\/\/fact.gouv.tg\/?p=323","title":{"rendered":"LANCEMENT DU PROGRAMME D\u2019APPUI AU FINANCEMENT DES COMMUNES (PAFC)"},"content":{"rendered":"<p>La salle de conf\u00e9rence de la police nationale a accueilli, ce jeudi 14 Ao\u00fbt 2025, le lancement officiel du programme d\u2019appui au financement des communes (PAFC). Cette activit\u00e9 pr\u00e9sid\u00e9e par le ministre de l\u2019administration territoriale, de la d\u00e9centralisation et de la chefferie coutumi\u00e8re, le colonel AWATE Hodabalo a r\u00e9uni ministres, autorit\u00e9s administratives, ambassadeurs et partenaires techniques.<\/p>\n<p>L\u2019Etat togolais via le PAFC a b\u00e9n\u00e9fici\u00e9 d\u2019un don de vingt (20) millions d\u2019euros, soit treize (13) milliards de francs CFA de la coop\u00e9ration allemande (KFW) pour la mise en \u0153uvre du projet dans les r\u00e9gions de la Kara, Centrale et des Plateaux, soit soixante-neuf (69) communes.<\/p>\n<p>L\u2019objectif principal dudit programme est de contribuer \u00e0 l\u2019am\u00e9lioration des conditions de vie des populations de ces trois (03) r\u00e9gions \u00e0 travers le financement des investissements des collectivit\u00e9s territoriales, le d\u00e9veloppement de la capacit\u00e9 de ma\u00eetrise d\u2019ouvrage des communes et l\u2019accompagnement de la mont\u00e9e en puissance du FACT.<\/p>\n<p>Pour accompagner la mise en \u0153uvre effective du projet, des acteurs ont \u00e9t\u00e9 d\u00e9ploy\u00e9s \u00e0 deux niveaux ; le minist\u00e8re de l\u2019administration territoriale, de la d\u00e9centralisation et de la chefferie coutumi\u00e8re (MATDCC), la commission de gestion du fonds d\u2019appui aux collectivit\u00e9s territoriales(CG-FACT), le secr\u00e9tariat technique de la commission de gestion du fonds d\u2019appui aux collectivit\u00e9s territoriales(ST-CG-FACT), et l\u2019unit\u00e9 de gestion des (UGP\/CENTRALE) interviennent au niveau central et au niveau local, nous avons les communes et les cellules r\u00e9gionales d\u2019appui \u00e0 la maitrise d\u2019ouvrage(CRAMO). A ces deux niveaux, ces diff\u00e9rents organes joueront un r\u00f4le crucial dans la r\u00e9ussite de la mise en \u0153uvre du PAFC en assurant un appui technique, administratif et op\u00e9rationnel \u00e0 la ma\u00eetrise d\u2019ouvrage assist\u00e9e.<\/p>\n<p>Ce programme s\u2019\u00e9tendra sur 4 ans, p\u00e9riode durant laquelle les communes b\u00e9n\u00e9ficieront des infrastructures socio-\u00e9conomiques (\u00e9coles, centres de sant\u00e9, march\u00e9s, hangars, boutiques\u2026)<\/p>\n<p><img loading=\"lazy\" decoding=\"async\" class=\"alignnone size-medium wp-image-325\" src=\"https:\/\/fact.gouv.tg\/wp-content\/uploads\/2026\/02\/WhatsApp-Image-2026-02-22-at-11.02.26-1.jpeg\" alt=\"\" width=\"300\" height=\"200\" \/> <img loading=\"lazy\" decoding=\"async\" class=\"alignnone size-medium wp-image-326\" src=\"https:\/\/fact.gouv.tg\/wp-content\/uploads\/2026\/02\/WhatsApp-Image-2026-02-22-at-11.02.281-1.jpeg\" alt=\"\" width=\"300\" height=\"200\" \/> <img loading=\"lazy\" decoding=\"async\" class=\"alignnone size-medium wp-image-327\" src=\"https:\/\/fact.gouv.tg\/wp-content\/uploads\/2026\/02\/WhatsApp-Image-2026-02-22-at-11.02.282.jpeg\" alt=\"\" width=\"300\" height=\"200\" \/> <img loading=\"lazy\" decoding=\"async\" class=\"alignnone size-medium wp-image-328\" src=\"https:\/\/fact.gouv.tg\/wp-content\/uploads\/2026\/02\/WhatsApp-Image-2026-02-22-at-11.02.28.jpeg\" alt=\"\" width=\"300\" height=\"200\" \/> <img loading=\"lazy\" decoding=\"async\" class=\"alignnone size-medium wp-image-329\" src=\"https:\/\/fact.gouv.tg\/wp-content\/uploads\/2026\/02\/WhatsApp-Image-2026-02-22-at-11.02.29.jpeg\" alt=\"\" width=\"300\" height=\"200\" \/><\/p>\n","protected":false},"excerpt":{"rendered":"<p>La salle de conf\u00e9rence de la police nationale a accueilli, ce jeudi 14 Ao\u00fbt 2025, le lancement officiel du programme d\u2019appui au financement des communes (PAFC). Cette activit\u00e9 pr\u00e9sid\u00e9e par le ministre de l\u2019administration territoriale, de la d\u00e9centralisation et de la chefferie coutumi\u00e8re, le colonel AWATE Hodabalo a r\u00e9uni ministres, autorit\u00e9s administratives, ambassadeurs et partenaires [&hellip;]<\/p>\n","protected":false},"author":1,"featured_media":324,"comment_status":"open","ping_status":"open","sticky":false,"template":"","format":"standard","meta":{"saved_in_kubio":false,"footnotes":""},"categories":[9,19],"tags":[],"class_list":["post-323","post","type-post","status-publish","format-standard","has-post-thumbnail","hentry","category-actualites","category-programmes"],"_links":{"self":[{"href":"https:\/\/fact.gouv.tg\/index.php?rest_route=\/wp\/v2\/posts\/323","targetHints":{"allow":["GET"]}}],"collection":[{"href":"https:\/\/fact.gouv.tg\/index.php?rest_route=\/wp\/v2\/posts"}],"about":[{"href":"https:\/\/fact.gouv.tg\/index.php?rest_route=\/wp\/v2\/types\/post"}],"author":[{"embeddable":true,"href":"https:\/\/fact.gouv.tg\/index.php?rest_route=\/wp\/v2\/users\/1"}],"replies":[{"embeddable":true,"href":"https:\/\/fact.gouv.tg\/index.php?rest_route=%2Fwp%2Fv2%2Fcomments&post=323"}],"version-history":[{"count":1,"href":"https:\/\/fact.gouv.tg\/index.php?rest_route=\/wp\/v2\/posts\/323\/revisions"}],"predecessor-version":[{"id":330,"href":"https:\/\/fact.gouv.tg\/index.php?rest_route=\/wp\/v2\/posts\/323\/revisions\/330"}],"wp:featuredmedia":[{"embeddable":true,"href":"https:\/\/fact.gouv.tg\/index.php?rest_route=\/wp\/v2\/media\/324"}],"wp:attachment":[{"href":"https:\/\/fact.gouv.tg\/index.php?rest_route=%2Fwp%2Fv2%2Fmedia&parent=323"}],"wp:term":[{"taxonomy":"category","embeddable":true,"href":"https:\/\/fact.gouv.tg\/index.php?rest_route=%2Fwp%2Fv2%2Fcategories&post=323"},{"taxonomy":"post_tag","embeddable":true,"href":"https:\/\/fact.gouv.tg\/index.php?rest_route=%2Fwp%2Fv2%2Ftags&post=323"}],"curies":[{"name":"wp","href":"https:\/\/api.w.org\/{rel}","templated":true}]}}