{"id":385,"date":"2026-03-05T12:28:07","date_gmt":"2026-03-05T11:28:07","guid":{"rendered":"https:\/\/fact.gouv.tg\/?p=385"},"modified":"2026-03-11T12:55:00","modified_gmt":"2026-03-11T11:55:00","slug":"%f0%9d%90%8b%f0%9d%90%9e%f0%9d%90%ac-%f0%9d%90%a6%f0%9d%90%9a%f0%9d%90%a2%f0%9d%90%ab%f0%9d%90%9e%f0%9d%90%ac-%f0%9d%90%9d%f0%9d%90%ae-%f0%9d%90%93%f0%9d%90%a8%f0%9d%90%a0%f0%9d%90%a8-%f0%9d%90%ab","status":"publish","type":"post","link":"https:\/\/fact.gouv.tg\/?p=385","title":{"rendered":"\ud835\udc0b\ud835\udc1e\ud835\udc2c \ud835\udc26\ud835\udc1a\ud835\udc22\ud835\udc2b\ud835\udc1e\ud835\udc2c \ud835\udc1d\ud835\udc2e \ud835\udc13\ud835\udc28\ud835\udc20\ud835\udc28 \ud835\udc2b\ud835\udc1e\u0301\ud835\udc2e\ud835\udc27\ud835\udc22\ud835\udc2c \ud835\udc1a\u0300 \ud835\udc0a\ud835\udc1a\ud835\udc2b\ud835\udc1a \ud835\udc29\ud835\udc28\ud835\udc2e\ud835\udc2b \ud835\udc25\u2019\ud835\udc00\ud835\udc06 \ud835\udc1d\ud835\udc1e \ud835\udc25\ud835\udc1a \ud835\udc05\ud835\udc02\ud835\udc13"},"content":{"rendered":"<p>Tous les maires du Togo sont r\u00e9unis ce jeudi 05 mars 2026 dans la ville de Kara \u00e0 l\u2019occasion de l\u2019Assembl\u00e9e g\u00e9n\u00e9rale de la Fa\u00eeti\u00e8re des Communes du Togo (FCT).<\/p>\n<p>Cette rencontre, qui constitue un moment important pour les acteurs de la d\u00e9centralisation, a \u00e9t\u00e9 officiellement ouverte par le M. le \ud835\udc26\ud835\udc22\ud835\udc27\ud835\udc22\ud835\udc2c\ud835\udc2d\ud835\udc2b\ud835\udc1e \ud835\udc1d\ud835\udc1e \ud835\udc25\u2019\ud835\udc00\ud835\udc1d\ud835\udc26\ud835\udc22\ud835\udc27\ud835\udc22\ud835\udc2c\ud835\udc2d\ud835\udc2b\ud835\udc1a\ud835\udc2d\ud835\udc22\ud835\udc28\ud835\udc27 \ud835\udc2d\ud835\udc1e\ud835\udc2b\ud835\udc2b\ud835\udc22\ud835\udc2d\ud835\udc28\ud835\udc2b\ud835\udc22\ud835\udc1a\ud835\udc25\ud835\udc1e, \ud835\udc1d\ud835\udc1e \ud835\udc25\ud835\udc1a \ud835\udc06\ud835\udc28\ud835\udc2e\ud835\udc2f\ud835\udc1e\ud835\udc2b\ud835\udc27\ud835\udc1a\ud835\udc27\ud835\udc1c\ud835\udc1e \ud835\udc25\ud835\udc28\ud835\udc1c\ud835\udc1a\ud835\udc25\ud835\udc1e \ud835\udc1e\ud835\udc2d \ud835\udc1d\ud835\udc1e\ud835\udc2c \ud835\udc00\ud835\udc1f\ud835\udc1f\ud835\udc1a\ud835\udc22\ud835\udc2b\ud835\udc1e\ud835\udc2c \ud835\udc1c\ud835\udc28\ud835\udc2e\ud835\udc2d\ud835\udc2e\ud835\udc26\ud835\udc22\ud835\udc1e\u0300\ud835\udc2b\ud835\udc1e\ud835\udc2c, \ud835\udc07\ud835\udc28\ud835\udc1d\ud835\udc1a\ud835\udc1b\ud835\udc1a\ud835\udc25\ud835\udc28 \ud835\udc00\ud835\udc30\ud835\udc1a\ud835\udc2d\ud835\udc1e\u0301.<\/p>\n<p>La c\u00e9r\u00e9monie d\u2019ouverture s\u2019est d\u00e9roul\u00e9e en pr\u00e9sence de Mme \ud835\udc25\ud835\udc1a \ud835\udc0f\ud835\udc2b\ud835\udc1e\u0301\ud835\udc2c\ud835\udc22\ud835\udc1d\ud835\udc1e\ud835\udc27\ud835\udc2d\ud835\udc1e \ud835\udc1d\ud835\udc1e \ud835\udc25\ud835\udc1a \ud835\udc05\ud835\udc1a\ud835\udc22\u0302\ud835\udc2d\ud835\udc22\ud835\udc1e\u0300\ud835\udc2b\ud835\udc1e \ud835\udc1d\ud835\udc1e\ud835\udc2c \ud835\udc02\ud835\udc28\ud835\udc26\ud835\udc26\ud835\udc2e\ud835\udc27\ud835\udc1e\ud835\udc2c \ud835\udc1d\ud835\udc2e \ud835\udc13\ud835\udc28\ud835\udc20\ud835\udc28, \ud835\udc1e\u0301\ud835\udc20\ud835\udc1a\ud835\udc25\ud835\udc1e\ud835\udc26\ud835\udc1e\ud835\udc27\ud835\udc2d \ud835\udc26\ud835\udc22\ud835\udc27\ud835\udc22\ud835\udc2c\ud835\udc2d\ud835\udc2b\ud835\udc1e \ud835\udc1d\ud835\udc1e \ud835\udc25\ud835\udc1a \ud835\udc02\ud835\udc28\ud835\udc26\ud835\udc26\ud835\udc2e\ud835\udc27\ud835\udc22\ud835\udc1c\ud835\udc1a\ud835\udc2d\ud835\udc22\ud835\udc28\ud835\udc27, \ud835\udc18\ud835\udc1a\ud835\udc30\ud835\udc1a \ud835\udc0a\ud835\udc28\ud835\udc2e\ud835\udc22\ud835\udc20\ud835\udc1a\ud835\udc27.<\/p>\n<p>Cette grande rencontre sera \u00e9galement marqu\u00e9e par l\u2019\u00e9lection du nouveau bureau de la Fa\u00eeti\u00e8re des Communes du Togo.<\/p>\n<p>En attendant cette \u00e9tape, nous vous faisons vivre la c\u00e9r\u00e9monie d\u2019ouverture.<\/p>\n<p>&nbsp;<\/p>\n<p><img loading=\"lazy\" decoding=\"async\" class=\"alignnone size-medium wp-image-387\" src=\"https:\/\/fact.gouv.tg\/wp-content\/uploads\/2026\/03\/AG_FCT.jpg\" alt=\"\" width=\"300\" height=\"200\" \/> <img loading=\"lazy\" decoding=\"async\" class=\"alignnone size-medium wp-image-388\" src=\"https:\/\/fact.gouv.tg\/wp-content\/uploads\/2026\/03\/MAIRE_KOZAH-1.jpg\" alt=\"\" width=\"300\" height=\"200\" \/> <img loading=\"lazy\" decoding=\"async\" class=\"alignnone size-medium wp-image-389\" src=\"https:\/\/fact.gouv.tg\/wp-content\/uploads\/2026\/03\/PRESIDENTE_FCT.jpg\" alt=\"\" width=\"300\" height=\"200\" \/> <img loading=\"lazy\" decoding=\"async\" class=\"alignnone size-medium wp-image-390\" src=\"https:\/\/fact.gouv.tg\/wp-content\/uploads\/2026\/03\/PUBLIC2_FCT.jpg\" alt=\"\" width=\"300\" height=\"200\" \/><\/p>\n","protected":false},"excerpt":{"rendered":"<p>Tous les maires du Togo sont r\u00e9unis ce jeudi 05 mars 2026 dans la ville de Kara \u00e0 l\u2019occasion de l\u2019Assembl\u00e9e g\u00e9n\u00e9rale de la Fa\u00eeti\u00e8re des Communes du Togo (FCT). Cette rencontre, qui constitue un moment important pour les acteurs de la d\u00e9centralisation, a \u00e9t\u00e9 officiellement ouverte par le M. le \ud835\udc26\ud835\udc22\ud835\udc27\ud835\udc22\ud835\udc2c\ud835\udc2d\ud835\udc2b\ud835\udc1e \ud835\udc1d\ud835\udc1e \ud835\udc25\u2019\ud835\udc00\ud835\udc1d\ud835\udc26\ud835\udc22\ud835\udc27\ud835\udc22\ud835\udc2c\ud835\udc2d\ud835\udc2b\ud835\udc1a\ud835\udc2d\ud835\udc22\ud835\udc28\ud835\udc27 \ud835\udc2d\ud835\udc1e\ud835\udc2b\ud835\udc2b\ud835\udc22\ud835\udc2d\ud835\udc28\ud835\udc2b\ud835\udc22\ud835\udc1a\ud835\udc25\ud835\udc1e, [&hellip;]<\/p>\n","protected":false},"author":1,"featured_media":386,"comment_status":"open","ping_status":"open","sticky":false,"template":"","format":"standard","meta":{"saved_in_kubio":false,"footnotes":""},"categories":[9],"tags":[],"class_list":["post-385","post","type-post","status-publish","format-standard","has-post-thumbnail","hentry","category-actualites"],"_links":{"self":[{"href":"https:\/\/fact.gouv.tg\/index.php?rest_route=\/wp\/v2\/posts\/385","targetHints":{"allow":["GET"]}}],"collection":[{"href":"https:\/\/fact.gouv.tg\/index.php?rest_route=\/wp\/v2\/posts"}],"about":[{"href":"https:\/\/fact.gouv.tg\/index.php?rest_route=\/wp\/v2\/types\/post"}],"author":[{"embeddable":true,"href":"https:\/\/fact.gouv.tg\/index.php?rest_route=\/wp\/v2\/users\/1"}],"replies":[{"embeddable":true,"href":"https:\/\/fact.gouv.tg\/index.php?rest_route=%2Fwp%2Fv2%2Fcomments&post=385"}],"version-history":[{"count":1,"href":"https:\/\/fact.gouv.tg\/index.php?rest_route=\/wp\/v2\/posts\/385\/revisions"}],"predecessor-version":[{"id":391,"href":"https:\/\/fact.gouv.tg\/index.php?rest_route=\/wp\/v2\/posts\/385\/revisions\/391"}],"wp:featuredmedia":[{"embeddable":true,"href":"https:\/\/fact.gouv.tg\/index.php?rest_route=\/wp\/v2\/media\/386"}],"wp:attachment":[{"href":"https:\/\/fact.gouv.tg\/index.php?rest_route=%2Fwp%2Fv2%2Fmedia&parent=385"}],"wp:term":[{"taxonomy":"category","embeddable":true,"href":"https:\/\/fact.gouv.tg\/index.php?rest_route=%2Fwp%2Fv2%2Fcategories&post=385"},{"taxonomy":"post_tag","embeddable":true,"href":"https:\/\/fact.gouv.tg\/index.php?rest_route=%2Fwp%2Fv2%2Ftags&post=385"}],"curies":[{"name":"wp","href":"https:\/\/api.w.org\/{rel}","templated":true}]}}